{"id":1408,"date":"2019-09-30T23:21:46","date_gmt":"2019-09-30T21:21:46","guid":{"rendered":"http:\/\/polskiekochmiel.pl\/?p=1408"},"modified":"2019-09-30T23:24:05","modified_gmt":"2019-09-30T21:24:05","slug":"targi-polagra-2019-i-kompozyty","status":"publish","type":"post","link":"http:\/\/polskiekochmiel.pl\/de\/targi-polagra-2019-i-kompozyty\/","title":{"rendered":"Targi Polagra 2019 i kompozyty"},"content":{"rendered":"<p>Na targach Polagra 2019 kompozytowe konstrukcje chmielnik\u00f3w by\u0142y projektem promowanym na stoisku Instytutu Uprawy Nawo\u017cenia i Gleboznawstwa. Mieli\u015bmy r\u00f3wnie\u017c go\u015bcia &#8211; ministra rolnictwa i rozwoju wsi Jana Ardanowskiego.<\/p>\n<p><img loading=\"lazy\" class=\"alignnone size-full wp-image-1412\" src=\"http:\/\/polskiekochmiel.pl\/wp-content\/uploads\/2019\/09\/IMG_1304-1.jpg\" alt=\"\" width=\"1024\" height=\"768\" srcset=\"http:\/\/polskiekochmiel.pl\/wp-content\/uploads\/2019\/09\/IMG_1304-1.jpg 1024w, http:\/\/polskiekochmiel.pl\/wp-content\/uploads\/2019\/09\/IMG_1304-1-300x225.jpg 300w, http:\/\/polskiekochmiel.pl\/wp-content\/uploads\/2019\/09\/IMG_1304-1-768x576.jpg 768w, http:\/\/polskiekochmiel.pl\/wp-content\/uploads\/2019\/09\/IMG_1304-1-600x450.jpg 600w\" sizes=\"(max-width: 1024px) 100vw, 1024px\" \/><\/p>\n<p><img loading=\"lazy\" class=\"alignnone size-full wp-image-1414\" src=\"http:\/\/polskiekochmiel.pl\/wp-content\/uploads\/2019\/09\/IMG_1320-1.jpg\" alt=\"\" width=\"768\" height=\"1024\" srcset=\"http:\/\/polskiekochmiel.pl\/wp-content\/uploads\/2019\/09\/IMG_1320-1.jpg 768w, http:\/\/polskiekochmiel.pl\/wp-content\/uploads\/2019\/09\/IMG_1320-1-225x300.jpg 225w, http:\/\/polskiekochmiel.pl\/wp-content\/uploads\/2019\/09\/IMG_1320-1-600x800.jpg 600w\" sizes=\"(max-width: 768px) 100vw, 768px\" \/><\/p>\n<p>&nbsp;<\/p>","protected":false},"excerpt":{"rendered":"<p>Na targach Polagra 2019 kompozytowe konstrukcje chmielnik\u00f3w by\u0142y projektem promowanym na stoisku Instytutu Uprawy Nawo\u017cenia i Gleboznawstwa. Mieli\u015bmy r\u00f3wnie\u017c go\u015bcia &#8211; ministra rolnictwa i rozwoju wsi Jana Ardanowskiego. &nbsp;<\/p>","protected":false},"author":1,"featured_media":1413,"comment_status":"open","ping_status":"open","sticky":false,"template":"","format":"standard","meta":[],"categories":[1],"tags":[],"_links":{"self":[{"href":"http:\/\/polskiekochmiel.pl\/de\/wp-json\/wp\/v2\/posts\/1408"}],"collection":[{"href":"http:\/\/polskiekochmiel.pl\/de\/wp-json\/wp\/v2\/posts"}],"about":[{"href":"http:\/\/polskiekochmiel.pl\/de\/wp-json\/wp\/v2\/types\/post"}],"author":[{"embeddable":true,"href":"http:\/\/polskiekochmiel.pl\/de\/wp-json\/wp\/v2\/users\/1"}],"replies":[{"embeddable":true,"href":"http:\/\/polskiekochmiel.pl\/de\/wp-json\/wp\/v2\/comments?post=1408"}],"version-history":[{"count":3,"href":"http:\/\/polskiekochmiel.pl\/de\/wp-json\/wp\/v2\/posts\/1408\/revisions"}],"predecessor-version":[{"id":1417,"href":"http:\/\/polskiekochmiel.pl\/de\/wp-json\/wp\/v2\/posts\/1408\/revisions\/1417"}],"wp:featuredmedia":[{"embeddable":true,"href":"http:\/\/polskiekochmiel.pl\/de\/wp-json\/wp\/v2\/media\/1413"}],"wp:attachment":[{"href":"http:\/\/polskiekochmiel.pl\/de\/wp-json\/wp\/v2\/media?parent=1408"}],"wp:term":[{"taxonomy":"category","embeddable":true,"href":"http:\/\/polskiekochmiel.pl\/de\/wp-json\/wp\/v2\/categories?post=1408"},{"taxonomy":"post_tag","embeddable":true,"href":"http:\/\/polskiekochmiel.pl\/de\/wp-json\/wp\/v2\/tags?post=1408"}],"curies":[{"name":"wp","href":"https:\/\/api.w.org\/{rel}","templated":true}]}}