{"id":1382,"date":"2019-06-18T19:11:03","date_gmt":"2019-06-18T17:11:03","guid":{"rendered":"http:\/\/polskiekochmiel.pl\/?p=1382"},"modified":"2019-06-24T14:24:36","modified_gmt":"2019-06-24T12:24:36","slug":"spotkanie-z-plantatorami","status":"publish","type":"post","link":"http:\/\/polskiekochmiel.pl\/de\/spotkanie-z-plantatorami\/","title":{"rendered":"Spotkanie z plantatorami"},"content":{"rendered":"<p>Ponad 70 plantator\u00f3w chmielu wzi\u0119\u0142o wczoraj udzia\u0142 w zapowiadanym przez nas wcze\u015bniej spotkaniu bran\u017cowym na innowacyjnej plantacji chmielu w Jastkowie. Obok plantator\u00f3w obecni byli te\u017c przetw\u00f3rcy i reprezentanci browar\u00f3w kraftowych. By\u0142y burzliwe, ale bardzo dla nas cenne dyskusje, na temat przysz\u0142o\u015bci polskiego chmielarstwa oraz najnowszych metod uprawy chmielu. W drugiej cz\u0119\u015bci spotkania plantatorzy wype\u0142nili ankiet\u0119, w kt\u00f3rej podali parametry swoich chmielnik\u00f3w, odmian chmielu i istotne szczeg\u00f3\u0142y dotycz\u0105ce uprawy. Na podstawie tych ankiet przygotujemy indywidualne propozycje wsp\u00f3\u0142pracy dotycz\u0105ce kontraktacji chmielu i przebudowy chmielnik\u00f3w.<\/p>\n<p>&nbsp;<\/p>\n<p>Pe\u0142na relacja na naszym Facebooku \ud83d\ude42<\/p>","protected":false},"excerpt":{"rendered":"<p>Ponad 70 plantator\u00f3w chmielu wzi\u0119\u0142o wczoraj udzia\u0142 w zapowiadanym przez nas wcze\u015bniej spotkaniu bran\u017cowym na innowacyjnej plantacji chmielu w Jastkowie. Obok plantator\u00f3w obecni byli te\u017c przetw\u00f3rcy i reprezentanci browar\u00f3w kraftowych. By\u0142y burzliwe, ale bardzo dla nas cenne dyskusje, na temat przysz\u0142o\u015bci polskiego chmielarstwa oraz najnowszych metod uprawy chmielu. W drugiej cz\u0119\u015bci spotkania plantatorzy wype\u0142nili ankiet\u0119, [&hellip;]<\/p>","protected":false},"author":1,"featured_media":1383,"comment_status":"open","ping_status":"open","sticky":false,"template":"","format":"standard","meta":[],"categories":[1],"tags":[],"_links":{"self":[{"href":"http:\/\/polskiekochmiel.pl\/de\/wp-json\/wp\/v2\/posts\/1382"}],"collection":[{"href":"http:\/\/polskiekochmiel.pl\/de\/wp-json\/wp\/v2\/posts"}],"about":[{"href":"http:\/\/polskiekochmiel.pl\/de\/wp-json\/wp\/v2\/types\/post"}],"author":[{"embeddable":true,"href":"http:\/\/polskiekochmiel.pl\/de\/wp-json\/wp\/v2\/users\/1"}],"replies":[{"embeddable":true,"href":"http:\/\/polskiekochmiel.pl\/de\/wp-json\/wp\/v2\/comments?post=1382"}],"version-history":[{"count":1,"href":"http:\/\/polskiekochmiel.pl\/de\/wp-json\/wp\/v2\/posts\/1382\/revisions"}],"predecessor-version":[{"id":1385,"href":"http:\/\/polskiekochmiel.pl\/de\/wp-json\/wp\/v2\/posts\/1382\/revisions\/1385"}],"wp:featuredmedia":[{"embeddable":true,"href":"http:\/\/polskiekochmiel.pl\/de\/wp-json\/wp\/v2\/media\/1383"}],"wp:attachment":[{"href":"http:\/\/polskiekochmiel.pl\/de\/wp-json\/wp\/v2\/media?parent=1382"}],"wp:term":[{"taxonomy":"category","embeddable":true,"href":"http:\/\/polskiekochmiel.pl\/de\/wp-json\/wp\/v2\/categories?post=1382"},{"taxonomy":"post_tag","embeddable":true,"href":"http:\/\/polskiekochmiel.pl\/de\/wp-json\/wp\/v2\/tags?post=1382"}],"curies":[{"name":"wp","href":"https:\/\/api.w.org\/{rel}","templated":true}]}}